{"id":39,"count":3,"description":"Dise\u00f1ados para garantizar la oxigenaci\u00f3n de la materia org\u00e1nica","link":"https:\/\/www.id-waste.com\/binsandbags\/categoria-producto\/cubos\/cubos-aireados\/","name":"Cubos Aireados","slug":"cubos-aireados","taxonomy":"product_cat","parent":27,"meta":[],"yoast_head":"<!-- This site is optimized with the Yoast SEO plugin v17.6 - https:\/\/yoast.com\/wordpress\/plugins\/seo\/ -->\n<title>Cubos Aireados archivos &mdash; id\u00b7waste<\/title>\n<meta name=\"robots\" content=\"index, follow, max-snippet:-1, max-image-preview:large, max-video-preview:-1\" \/>\n<link rel=\"canonical\" href=\"https:\/\/www.id-waste.com\/categoria-producto\/cubos\/cubos-aireados\/\" \/>\n<meta property=\"og:locale\" content=\"es_ES\" \/>\n<meta property=\"og:type\" content=\"article\" \/>\n<meta property=\"og:title\" content=\"Cubos Aireados archivos &mdash; id\u00b7waste\" \/>\n<meta property=\"og:description\" content=\"Dise\u00f1ados para garantizar la oxigenaci\u00f3n de la materia org\u00e1nica\" \/>\n<meta property=\"og:url\" content=\"https:\/\/www.id-waste.com\/categoria-producto\/cubos\/cubos-aireados\/\" \/>\n<meta property=\"og:site_name\" content=\"id\u00b7waste\" \/>\n<meta name=\"twitter:card\" content=\"summary_large_image\" \/>\n<script type=\"application\/ld+json\" class=\"yoast-schema-graph\">{\"@context\":\"https:\/\/schema.org\",\"@graph\":[{\"@type\":\"Organization\",\"@id\":\"https:\/\/www.id-waste.com\/#organization\",\"name\":\"id\\u00b7waste\",\"url\":\"https:\/\/www.id-waste.com\/\",\"sameAs\":[],\"logo\":{\"@type\":\"ImageObject\",\"@id\":\"https:\/\/www.id-waste.com\/#logo\",\"inLanguage\":\"es\",\"url\":\"https:\/\/www.id-waste.com\/wp-content\/uploads\/2019\/02\/imagotip-quadrat-500px.png\",\"contentUrl\":\"https:\/\/www.id-waste.com\/wp-content\/uploads\/2019\/02\/imagotip-quadrat-500px.png\",\"width\":600,\"height\":600,\"caption\":\"id\\u00b7waste\"},\"image\":{\"@id\":\"https:\/\/www.id-waste.com\/#logo\"}},{\"@type\":\"WebSite\",\"@id\":\"https:\/\/www.id-waste.com\/#website\",\"url\":\"https:\/\/www.id-waste.com\/\",\"name\":\"id\\u00b7waste\",\"description\":\"Soluciones para la recogida selectiva domiciliaria y comercial\",\"publisher\":{\"@id\":\"https:\/\/www.id-waste.com\/#organization\"},\"potentialAction\":[{\"@type\":\"SearchAction\",\"target\":{\"@type\":\"EntryPoint\",\"urlTemplate\":\"https:\/\/www.id-waste.com\/?s={search_term_string}\"},\"query-input\":\"required name=search_term_string\"}],\"inLanguage\":\"es\"},{\"@type\":\"CollectionPage\",\"@id\":\"https:\/\/www.id-waste.com\/categoria-producto\/cubos\/cubos-aireados\/#webpage\",\"url\":\"https:\/\/www.id-waste.com\/categoria-producto\/cubos\/cubos-aireados\/\",\"name\":\"Cubos Aireados archivos &mdash; id\\u00b7waste\",\"isPartOf\":{\"@id\":\"https:\/\/www.id-waste.com\/#website\"},\"breadcrumb\":{\"@id\":\"https:\/\/www.id-waste.com\/categoria-producto\/cubos\/cubos-aireados\/#breadcrumb\"},\"inLanguage\":\"es\",\"potentialAction\":[{\"@type\":\"ReadAction\",\"target\":[\"https:\/\/www.id-waste.com\/categoria-producto\/cubos\/cubos-aireados\/\"]}]},{\"@type\":\"BreadcrumbList\",\"@id\":\"https:\/\/www.id-waste.com\/categoria-producto\/cubos\/cubos-aireados\/#breadcrumb\",\"itemListElement\":[{\"@type\":\"ListItem\",\"position\":1,\"name\":\"Portada\",\"item\":\"https:\/\/www.id-waste.com\/comingsoon\/\"},{\"@type\":\"ListItem\",\"position\":2,\"name\":\"Cubos\",\"item\":\"https:\/\/www.id-waste.com\/categoria-producto\/cubos\/\"},{\"@type\":\"ListItem\",\"position\":3,\"name\":\"Cubos Aireados\"}]}]}<\/script>\n<!-- \/ Yoast SEO plugin. -->","yoast_head_json":{"title":"Cubos Aireados archivos &mdash; id\u00b7waste","robots":{"index":"index","follow":"follow","max-snippet":"max-snippet:-1","max-image-preview":"max-image-preview:large","max-video-preview":"max-video-preview:-1"},"canonical":"https:\/\/www.id-waste.com\/categoria-producto\/cubos\/cubos-aireados\/","og_locale":"es_ES","og_type":"article","og_title":"Cubos Aireados archivos &mdash; id\u00b7waste","og_description":"Dise\u00f1ados para garantizar la oxigenaci\u00f3n de la materia org\u00e1nica","og_url":"https:\/\/www.id-waste.com\/categoria-producto\/cubos\/cubos-aireados\/","og_site_name":"id\u00b7waste","twitter_card":"summary_large_image","schema":{"@context":"https:\/\/schema.org","@graph":[{"@type":"Organization","@id":"https:\/\/www.id-waste.com\/#organization","name":"id\u00b7waste","url":"https:\/\/www.id-waste.com\/","sameAs":[],"logo":{"@type":"ImageObject","@id":"https:\/\/www.id-waste.com\/#logo","inLanguage":"es","url":"https:\/\/www.id-waste.com\/wp-content\/uploads\/2019\/02\/imagotip-quadrat-500px.png","contentUrl":"https:\/\/www.id-waste.com\/wp-content\/uploads\/2019\/02\/imagotip-quadrat-500px.png","width":600,"height":600,"caption":"id\u00b7waste"},"image":{"@id":"https:\/\/www.id-waste.com\/#logo"}},{"@type":"WebSite","@id":"https:\/\/www.id-waste.com\/#website","url":"https:\/\/www.id-waste.com\/","name":"id\u00b7waste","description":"Soluciones para la recogida selectiva domiciliaria y comercial","publisher":{"@id":"https:\/\/www.id-waste.com\/#organization"},"potentialAction":[{"@type":"SearchAction","target":{"@type":"EntryPoint","urlTemplate":"https:\/\/www.id-waste.com\/?s={search_term_string}"},"query-input":"required name=search_term_string"}],"inLanguage":"es"},{"@type":"CollectionPage","@id":"https:\/\/www.id-waste.com\/categoria-producto\/cubos\/cubos-aireados\/#webpage","url":"https:\/\/www.id-waste.com\/categoria-producto\/cubos\/cubos-aireados\/","name":"Cubos Aireados archivos &mdash; id\u00b7waste","isPartOf":{"@id":"https:\/\/www.id-waste.com\/#website"},"breadcrumb":{"@id":"https:\/\/www.id-waste.com\/categoria-producto\/cubos\/cubos-aireados\/#breadcrumb"},"inLanguage":"es","potentialAction":[{"@type":"ReadAction","target":["https:\/\/www.id-waste.com\/categoria-producto\/cubos\/cubos-aireados\/"]}]},{"@type":"BreadcrumbList","@id":"https:\/\/www.id-waste.com\/categoria-producto\/cubos\/cubos-aireados\/#breadcrumb","itemListElement":[{"@type":"ListItem","position":1,"name":"Portada","item":"https:\/\/www.id-waste.com\/comingsoon\/"},{"@type":"ListItem","position":2,"name":"Cubos","item":"https:\/\/www.id-waste.com\/categoria-producto\/cubos\/"},{"@type":"ListItem","position":3,"name":"Cubos Aireados"}]}]}},"_links":{"self":[{"href":"https:\/\/www.id-waste.com\/binsandbags\/wp-json\/wp\/v2\/product_cat\/39"}],"collection":[{"href":"https:\/\/www.id-waste.com\/binsandbags\/wp-json\/wp\/v2\/product_cat"}],"about":[{"href":"https:\/\/www.id-waste.com\/binsandbags\/wp-json\/wp\/v2\/taxonomies\/product_cat"}],"up":[{"embeddable":true,"href":"https:\/\/www.id-waste.com\/binsandbags\/wp-json\/wp\/v2\/product_cat\/27"}],"wp:post_type":[{"href":"https:\/\/www.id-waste.com\/binsandbags\/wp-json\/wp\/v2\/product?product_cat=39"}],"curies":[{"name":"wp","href":"https:\/\/api.w.org\/{rel}","templated":true}]}}